{"id":610,"date":"2026-04-28T12:21:49","date_gmt":"2026-04-28T17:21:49","guid":{"rendered":"https:\/\/altropico.org.ec\/?p=610"},"modified":"2026-04-28T12:21:51","modified_gmt":"2026-04-28T17:21:51","slug":"fundacion-altropico-recibe-reconocimiento-ongs-impacto-en-accion-en-la-cumbre-de-sostenibilidad-2026","status":"publish","type":"post","link":"https:\/\/altropico.org.ec\/index.php\/2026\/04\/28\/fundacion-altropico-recibe-reconocimiento-ongs-impacto-en-accion-en-la-cumbre-de-sostenibilidad-2026\/","title":{"rendered":"Fundaci\u00f3n ALTROPICO recibe reconocimiento \u00abONGs &#8211; Impacto en Acci\u00f3n\u00bb en la Cumbre de Sostenibilidad 2026"},"content":{"rendered":"\n<p>Fundaci\u00f3n ALTROPICO particip\u00f3 los d\u00edas 22 y 23 de abril en la Cumbre de Sostenibilidad 2026, organizada por Grupo EKOS en Quito, con un stand institucional para compartir su trabajo en conservaci\u00f3n y desarrollo sostenible.<br>En este espacio, que reuni\u00f3 a actores de distintos sectores para promover alianzas y soluciones en torno a la sostenibilidad, empresa Grupo EKOS entreg\u00f3 a Fundaci\u00f3n ALTROPICO el reconocimiento ONGs -Impacto en Acci\u00f3n, destacando sus 34 a\u00f1os de trabajo en la zona fronteriza del Ecuador.<\/p>\n\n\n<div class=\"wp-block-image\">\n<figure class=\"aligncenter size-large is-resized\"><img fetchpriority=\"high\" decoding=\"async\" width=\"768\" height=\"1024\" src=\"https:\/\/altropico.org.ec\/wp-content\/uploads\/2026\/04\/WhatsApp-Image-2026-04-23-at-1.58.19-PM-768x1024.jpeg\" alt=\"\" class=\"wp-image-611\" style=\"width:302px;height:auto\" srcset=\"https:\/\/altropico.org.ec\/wp-content\/uploads\/2026\/04\/WhatsApp-Image-2026-04-23-at-1.58.19-PM-768x1024.jpeg 768w, https:\/\/altropico.org.ec\/wp-content\/uploads\/2026\/04\/WhatsApp-Image-2026-04-23-at-1.58.19-PM-225x300.jpeg 225w, https:\/\/altropico.org.ec\/wp-content\/uploads\/2026\/04\/WhatsApp-Image-2026-04-23-at-1.58.19-PM-1152x1536.jpeg 1152w, https:\/\/altropico.org.ec\/wp-content\/uploads\/2026\/04\/WhatsApp-Image-2026-04-23-at-1.58.19-PM.jpeg 1200w\" sizes=\"(max-width: 768px) 100vw, 768px\" \/><figcaption class=\"wp-element-caption\">Lcdo. Santiago Levy Ort\u00edz, Director Ejecutivo de Fundaci\u00f3n ALTROPICO <\/figcaption><\/figure><\/div>\n\n\n<p>Este reconocimiento valora una trayectoria construida junto a comunidades y aliados, impulsando procesos vinculados a conservaci\u00f3n, fortalecimiento territorial y desarrollo sostenible.<br>El Lcdo. Santiago Levy, director ejecutivo de Fundaci\u00f3n ALTROPICO, se\u00f1al\u00f3 que este reconocimiento \u201ces resultado del esfuerzo de todo un equipo t\u00e9cnico y administrativo que trabaja de manera articulada para generar impacto en los territorios\u201d, destacando que este logro refleja una construcci\u00f3n colectiva sostenida a lo largo de los a\u00f1os.<\/p>\n\n\n<div class=\"wp-block-image\">\n<figure class=\"aligncenter size-large is-resized\"><img decoding=\"async\" width=\"1024\" height=\"576\" src=\"https:\/\/altropico.org.ec\/wp-content\/uploads\/2026\/04\/WhatsApp-Image-2026-04-28-at-12.19.56-PM-1024x576.jpeg\" alt=\"\" class=\"wp-image-612\" style=\"width:620px;height:auto\" srcset=\"https:\/\/altropico.org.ec\/wp-content\/uploads\/2026\/04\/WhatsApp-Image-2026-04-28-at-12.19.56-PM-1024x576.jpeg 1024w, https:\/\/altropico.org.ec\/wp-content\/uploads\/2026\/04\/WhatsApp-Image-2026-04-28-at-12.19.56-PM-300x169.jpeg 300w, https:\/\/altropico.org.ec\/wp-content\/uploads\/2026\/04\/WhatsApp-Image-2026-04-28-at-12.19.56-PM-768x432.jpeg 768w, https:\/\/altropico.org.ec\/wp-content\/uploads\/2026\/04\/WhatsApp-Image-2026-04-28-at-12.19.56-PM-1536x864.jpeg 1536w, https:\/\/altropico.org.ec\/wp-content\/uploads\/2026\/04\/WhatsApp-Image-2026-04-28-at-12.19.56-PM.jpeg 1600w\" sizes=\"(max-width: 1024px) 100vw, 1024px\" \/><\/figure><\/div>\n\n\n<p>La participaci\u00f3n en la Cumbre permiti\u00f3, adem\u00e1s, visibilizar el aporte de las organizaciones sociales en la construcci\u00f3n de soluciones frente a los desaf\u00edos ambientales y sociales del pa\u00eds.<br>Para Fundaci\u00f3n ALTROPICO, este reconocimiento representa un impulso para continuar trabajando desde el territorio con compromiso y visi\u00f3n de largo plazo.<\/p>\n\n\n\n<p><\/p>\n\n\n<div class=\"wp-block-image\">\n<figure class=\"aligncenter size-large is-resized\"><img decoding=\"async\" width=\"1024\" height=\"576\" src=\"https:\/\/altropico.org.ec\/wp-content\/uploads\/2026\/04\/WhatsApp-Image-2026-04-28-at-12.19.57-PM-1024x576.jpeg\" alt=\"\" class=\"wp-image-613\" style=\"width:567px;height:auto\" srcset=\"https:\/\/altropico.org.ec\/wp-content\/uploads\/2026\/04\/WhatsApp-Image-2026-04-28-at-12.19.57-PM-1024x576.jpeg 1024w, https:\/\/altropico.org.ec\/wp-content\/uploads\/2026\/04\/WhatsApp-Image-2026-04-28-at-12.19.57-PM-300x169.jpeg 300w, https:\/\/altropico.org.ec\/wp-content\/uploads\/2026\/04\/WhatsApp-Image-2026-04-28-at-12.19.57-PM-768x432.jpeg 768w, https:\/\/altropico.org.ec\/wp-content\/uploads\/2026\/04\/WhatsApp-Image-2026-04-28-at-12.19.57-PM-1536x864.jpeg 1536w, https:\/\/altropico.org.ec\/wp-content\/uploads\/2026\/04\/WhatsApp-Image-2026-04-28-at-12.19.57-PM.jpeg 1600w\" sizes=\"(max-width: 1024px) 100vw, 1024px\" \/><\/figure><\/div>\n\n\n<p><\/p>\n\n\n\n<p><\/p>\n\n\n\n<p><br><\/p>\n","protected":false},"excerpt":{"rendered":"<p>Fundaci\u00f3n ALTROPICO particip\u00f3 los d\u00edas 22 y 23 de abril en la Cumbre de Sostenibilidad 2026, organizada por Grupo EKOS en Quito, con un stand institucional para compartir su trabajo en conservaci\u00f3n y desarrollo sostenible.En este espacio, que reuni\u00f3 a actores de distintos sectores para promover alianzas y soluciones en torno a la sostenibilidad, empresa [&hellip;]<\/p>\n","protected":false},"author":2,"featured_media":612,"comment_status":"closed","ping_status":"closed","sticky":false,"template":"","format":"standard","meta":{"footnotes":""},"categories":[4],"tags":[],"yoast_head":"<!-- This site is optimized with the Yoast SEO plugin v22.7 - https:\/\/yoast.com\/wordpress\/plugins\/seo\/ -->\n<title>Fundaci\u00f3n ALTROPICO recibe reconocimiento &quot;ONGs - Impacto en Acci\u00f3n&quot; en la Cumbre de Sostenibilidad 2026 - Fundaci\u00f3n ALTROPICO<\/title>\n<meta name=\"description\" content=\"Proyecto BIDA desarroll\u00f3 campa\u00f1a de sensibilizaci\u00f3n y educaci\u00f3n ambiental para conservas las ACUS y la gesti\u00f3n del agua.\" \/>\n<meta name=\"robots\" content=\"index, follow, max-snippet:-1, max-image-preview:large, max-video-preview:-1\" \/>\n<link rel=\"canonical\" href=\"https:\/\/altropico.org.ec\/index.php\/2026\/04\/28\/fundacion-altropico-recibe-reconocimiento-ongs-impacto-en-accion-en-la-cumbre-de-sostenibilidad-2026\/\" \/>\n<meta property=\"og:locale\" content=\"es_ES\" \/>\n<meta property=\"og:type\" content=\"article\" \/>\n<meta property=\"og:title\" content=\"Campa\u00f1a de proyecto BIDA promovi\u00f3 la conservaci\u00f3n de las ACUS y la gesti\u00f3n del agua\" \/>\n<meta property=\"og:description\" content=\"En esta campa\u00f1a participaron actores locales como el Gobierno Aut\u00f3nomo Descentralizado de Eloy Alfaro, comunidades de la cuenca del R\u00edo Cayapas, radios comunitarias de Ibarra y Esmeraldas, unidades educativas y promotores particulares dedicados a la conservaci\u00f3n.\" \/>\n<meta property=\"og:url\" content=\"https:\/\/altropico.org.ec\/index.php\/2026\/04\/28\/fundacion-altropico-recibe-reconocimiento-ongs-impacto-en-accion-en-la-cumbre-de-sostenibilidad-2026\/\" \/>\n<meta property=\"og:site_name\" content=\"Fundaci\u00f3n ALTROPICO\" \/>\n<meta property=\"article:publisher\" content=\"https:\/\/www.facebook.com\/Altropico.ec\" \/>\n<meta property=\"article:published_time\" content=\"2026-04-28T17:21:49+00:00\" \/>\n<meta property=\"article:modified_time\" content=\"2026-04-28T17:21:51+00:00\" \/>\n<meta property=\"og:image\" content=\"https:\/\/altropico.org.ec\/wp-content\/uploads\/2025\/02\/Imagen-de-WhatsApp-2025-02-02-a-las-22.59.59_80791a61.jpg\" \/>\n\t<meta property=\"og:image:width\" content=\"1600\" \/>\n\t<meta property=\"og:image:height\" content=\"1200\" \/>\n\t<meta property=\"og:image:type\" content=\"image\/jpeg\" \/>\n<meta name=\"author\" content=\"altropico\" \/>\n<meta name=\"twitter:card\" content=\"summary_large_image\" \/>\n<meta name=\"twitter:creator\" content=\"@altropico\" \/>\n<meta name=\"twitter:site\" content=\"@altropico\" \/>\n<meta name=\"twitter:label1\" content=\"Escrito por\" \/>\n\t<meta name=\"twitter:data1\" content=\"altropico\" \/>\n\t<meta name=\"twitter:label2\" content=\"Tiempo de lectura\" \/>\n\t<meta name=\"twitter:data2\" content=\"2 minutos\" \/>\n<script type=\"application\/ld+json\" class=\"yoast-schema-graph\">{\"@context\":\"https:\/\/schema.org\",\"@graph\":[{\"@type\":\"Article\",\"@id\":\"https:\/\/altropico.org.ec\/index.php\/2026\/04\/28\/fundacion-altropico-recibe-reconocimiento-ongs-impacto-en-accion-en-la-cumbre-de-sostenibilidad-2026\/#article\",\"isPartOf\":{\"@id\":\"https:\/\/altropico.org.ec\/index.php\/2026\/04\/28\/fundacion-altropico-recibe-reconocimiento-ongs-impacto-en-accion-en-la-cumbre-de-sostenibilidad-2026\/\"},\"author\":{\"name\":\"altropico\",\"@id\":\"https:\/\/altropico.org.ec\/#\/schema\/person\/c39ffc0240c0a7e9d2c2cea5c037755c\"},\"headline\":\"Fundaci\u00f3n ALTROPICO recibe reconocimiento \u00abONGs &#8211; Impacto en Acci\u00f3n\u00bb en la Cumbre de Sostenibilidad 2026\",\"datePublished\":\"2026-04-28T17:21:49+00:00\",\"dateModified\":\"2026-04-28T17:21:51+00:00\",\"mainEntityOfPage\":{\"@id\":\"https:\/\/altropico.org.ec\/index.php\/2026\/04\/28\/fundacion-altropico-recibe-reconocimiento-ongs-impacto-en-accion-en-la-cumbre-de-sostenibilidad-2026\/\"},\"wordCount\":242,\"publisher\":{\"@id\":\"https:\/\/altropico.org.ec\/#organization\"},\"image\":{\"@id\":\"https:\/\/altropico.org.ec\/index.php\/2026\/04\/28\/fundacion-altropico-recibe-reconocimiento-ongs-impacto-en-accion-en-la-cumbre-de-sostenibilidad-2026\/#primaryimage\"},\"thumbnailUrl\":\"https:\/\/altropico.org.ec\/wp-content\/uploads\/2026\/04\/WhatsApp-Image-2026-04-28-at-12.19.56-PM.jpeg\",\"articleSection\":[\"Noticias\"],\"inLanguage\":\"es\"},{\"@type\":\"WebPage\",\"@id\":\"https:\/\/altropico.org.ec\/index.php\/2026\/04\/28\/fundacion-altropico-recibe-reconocimiento-ongs-impacto-en-accion-en-la-cumbre-de-sostenibilidad-2026\/\",\"url\":\"https:\/\/altropico.org.ec\/index.php\/2026\/04\/28\/fundacion-altropico-recibe-reconocimiento-ongs-impacto-en-accion-en-la-cumbre-de-sostenibilidad-2026\/\",\"name\":\"Fundaci\u00f3n ALTROPICO recibe reconocimiento \\\"ONGs - Impacto en Acci\u00f3n\\\" en la Cumbre de Sostenibilidad 2026 - Fundaci\u00f3n ALTROPICO\",\"isPartOf\":{\"@id\":\"https:\/\/altropico.org.ec\/#website\"},\"primaryImageOfPage\":{\"@id\":\"https:\/\/altropico.org.ec\/index.php\/2026\/04\/28\/fundacion-altropico-recibe-reconocimiento-ongs-impacto-en-accion-en-la-cumbre-de-sostenibilidad-2026\/#primaryimage\"},\"image\":{\"@id\":\"https:\/\/altropico.org.ec\/index.php\/2026\/04\/28\/fundacion-altropico-recibe-reconocimiento-ongs-impacto-en-accion-en-la-cumbre-de-sostenibilidad-2026\/#primaryimage\"},\"thumbnailUrl\":\"https:\/\/altropico.org.ec\/wp-content\/uploads\/2026\/04\/WhatsApp-Image-2026-04-28-at-12.19.56-PM.jpeg\",\"datePublished\":\"2026-04-28T17:21:49+00:00\",\"dateModified\":\"2026-04-28T17:21:51+00:00\",\"description\":\"Proyecto BIDA desarroll\u00f3 campa\u00f1a de sensibilizaci\u00f3n y educaci\u00f3n ambiental para conservas las ACUS y la gesti\u00f3n del agua.\",\"breadcrumb\":{\"@id\":\"https:\/\/altropico.org.ec\/index.php\/2026\/04\/28\/fundacion-altropico-recibe-reconocimiento-ongs-impacto-en-accion-en-la-cumbre-de-sostenibilidad-2026\/#breadcrumb\"},\"inLanguage\":\"es\",\"potentialAction\":[{\"@type\":\"ReadAction\",\"target\":[\"https:\/\/altropico.org.ec\/index.php\/2026\/04\/28\/fundacion-altropico-recibe-reconocimiento-ongs-impacto-en-accion-en-la-cumbre-de-sostenibilidad-2026\/\"]}]},{\"@type\":\"ImageObject\",\"inLanguage\":\"es\",\"@id\":\"https:\/\/altropico.org.ec\/index.php\/2026\/04\/28\/fundacion-altropico-recibe-reconocimiento-ongs-impacto-en-accion-en-la-cumbre-de-sostenibilidad-2026\/#primaryimage\",\"url\":\"https:\/\/altropico.org.ec\/wp-content\/uploads\/2026\/04\/WhatsApp-Image-2026-04-28-at-12.19.56-PM.jpeg\",\"contentUrl\":\"https:\/\/altropico.org.ec\/wp-content\/uploads\/2026\/04\/WhatsApp-Image-2026-04-28-at-12.19.56-PM.jpeg\",\"width\":1600,\"height\":900},{\"@type\":\"BreadcrumbList\",\"@id\":\"https:\/\/altropico.org.ec\/index.php\/2026\/04\/28\/fundacion-altropico-recibe-reconocimiento-ongs-impacto-en-accion-en-la-cumbre-de-sostenibilidad-2026\/#breadcrumb\",\"itemListElement\":[{\"@type\":\"ListItem\",\"position\":1,\"name\":\"Portada\",\"item\":\"https:\/\/altropico.org.ec\/\"},{\"@type\":\"ListItem\",\"position\":2,\"name\":\"Fundaci\u00f3n ALTROPICO recibe reconocimiento &#8220;ONGs &#8211; Impacto en Acci\u00f3n&#8221; en la Cumbre de Sostenibilidad 2026\"}]},{\"@type\":\"WebSite\",\"@id\":\"https:\/\/altropico.org.ec\/#website\",\"url\":\"https:\/\/altropico.org.ec\/\",\"name\":\"Fundaci\u00f3n ALTROPICO\",\"description\":\"\",\"publisher\":{\"@id\":\"https:\/\/altropico.org.ec\/#organization\"},\"potentialAction\":[{\"@type\":\"SearchAction\",\"target\":{\"@type\":\"EntryPoint\",\"urlTemplate\":\"https:\/\/altropico.org.ec\/?s={search_term_string}\"},\"query-input\":\"required name=search_term_string\"}],\"inLanguage\":\"es\"},{\"@type\":\"Organization\",\"@id\":\"https:\/\/altropico.org.ec\/#organization\",\"name\":\"Fundaci\u00f3n ALTROPICO\",\"url\":\"https:\/\/altropico.org.ec\/\",\"logo\":{\"@type\":\"ImageObject\",\"inLanguage\":\"es\",\"@id\":\"https:\/\/altropico.org.ec\/#\/schema\/logo\/image\/\",\"url\":\"https:\/\/altropico.org.ec\/wp-content\/uploads\/2024\/03\/cropped-logo-altropico-horizontal.png\",\"contentUrl\":\"https:\/\/altropico.org.ec\/wp-content\/uploads\/2024\/03\/cropped-logo-altropico-horizontal.png\",\"width\":1058,\"height\":417,\"caption\":\"Fundaci\u00f3n ALTROPICO\"},\"image\":{\"@id\":\"https:\/\/altropico.org.ec\/#\/schema\/logo\/image\/\"},\"sameAs\":[\"https:\/\/www.facebook.com\/Altropico.ec\",\"https:\/\/x.com\/altropico\",\"https:\/\/www.instagram.com\/altropico_ec\",\"https:\/\/www.youtube.com\/@fundacionaltropico4239\"]},{\"@type\":\"Person\",\"@id\":\"https:\/\/altropico.org.ec\/#\/schema\/person\/c39ffc0240c0a7e9d2c2cea5c037755c\",\"name\":\"altropico\",\"image\":{\"@type\":\"ImageObject\",\"inLanguage\":\"es\",\"@id\":\"https:\/\/altropico.org.ec\/#\/schema\/person\/image\/\",\"url\":\"https:\/\/secure.gravatar.com\/avatar\/9e94f4125bc3209ea2dd51ae3b53f69e?s=96&d=mm&r=g\",\"contentUrl\":\"https:\/\/secure.gravatar.com\/avatar\/9e94f4125bc3209ea2dd51ae3b53f69e?s=96&d=mm&r=g\",\"caption\":\"altropico\"},\"url\":\"https:\/\/altropico.org.ec\/index.php\/author\/altropico\/\"}]}<\/script>\n<!-- \/ Yoast SEO plugin. -->","yoast_head_json":{"title":"Fundaci\u00f3n ALTROPICO recibe reconocimiento \"ONGs - Impacto en Acci\u00f3n\" en la Cumbre de Sostenibilidad 2026 - Fundaci\u00f3n ALTROPICO","description":"Proyecto BIDA desarroll\u00f3 campa\u00f1a de sensibilizaci\u00f3n y educaci\u00f3n ambiental para conservas las ACUS y la gesti\u00f3n del agua.","robots":{"index":"index","follow":"follow","max-snippet":"max-snippet:-1","max-image-preview":"max-image-preview:large","max-video-preview":"max-video-preview:-1"},"canonical":"https:\/\/altropico.org.ec\/index.php\/2026\/04\/28\/fundacion-altropico-recibe-reconocimiento-ongs-impacto-en-accion-en-la-cumbre-de-sostenibilidad-2026\/","og_locale":"es_ES","og_type":"article","og_title":"Campa\u00f1a de proyecto BIDA promovi\u00f3 la conservaci\u00f3n de las ACUS y la gesti\u00f3n del agua","og_description":"En esta campa\u00f1a participaron actores locales como el Gobierno Aut\u00f3nomo Descentralizado de Eloy Alfaro, comunidades de la cuenca del R\u00edo Cayapas, radios comunitarias de Ibarra y Esmeraldas, unidades educativas y promotores particulares dedicados a la conservaci\u00f3n.","og_url":"https:\/\/altropico.org.ec\/index.php\/2026\/04\/28\/fundacion-altropico-recibe-reconocimiento-ongs-impacto-en-accion-en-la-cumbre-de-sostenibilidad-2026\/","og_site_name":"Fundaci\u00f3n ALTROPICO","article_publisher":"https:\/\/www.facebook.com\/Altropico.ec","article_published_time":"2026-04-28T17:21:49+00:00","article_modified_time":"2026-04-28T17:21:51+00:00","og_image":[{"width":1600,"height":1200,"url":"https:\/\/altropico.org.ec\/wp-content\/uploads\/2025\/02\/Imagen-de-WhatsApp-2025-02-02-a-las-22.59.59_80791a61.jpg","type":"image\/jpeg"}],"author":"altropico","twitter_card":"summary_large_image","twitter_creator":"@altropico","twitter_site":"@altropico","twitter_misc":{"Escrito por":"altropico","Tiempo de lectura":"2 minutos"},"schema":{"@context":"https:\/\/schema.org","@graph":[{"@type":"Article","@id":"https:\/\/altropico.org.ec\/index.php\/2026\/04\/28\/fundacion-altropico-recibe-reconocimiento-ongs-impacto-en-accion-en-la-cumbre-de-sostenibilidad-2026\/#article","isPartOf":{"@id":"https:\/\/altropico.org.ec\/index.php\/2026\/04\/28\/fundacion-altropico-recibe-reconocimiento-ongs-impacto-en-accion-en-la-cumbre-de-sostenibilidad-2026\/"},"author":{"name":"altropico","@id":"https:\/\/altropico.org.ec\/#\/schema\/person\/c39ffc0240c0a7e9d2c2cea5c037755c"},"headline":"Fundaci\u00f3n ALTROPICO recibe reconocimiento \u00abONGs &#8211; Impacto en Acci\u00f3n\u00bb en la Cumbre de Sostenibilidad 2026","datePublished":"2026-04-28T17:21:49+00:00","dateModified":"2026-04-28T17:21:51+00:00","mainEntityOfPage":{"@id":"https:\/\/altropico.org.ec\/index.php\/2026\/04\/28\/fundacion-altropico-recibe-reconocimiento-ongs-impacto-en-accion-en-la-cumbre-de-sostenibilidad-2026\/"},"wordCount":242,"publisher":{"@id":"https:\/\/altropico.org.ec\/#organization"},"image":{"@id":"https:\/\/altropico.org.ec\/index.php\/2026\/04\/28\/fundacion-altropico-recibe-reconocimiento-ongs-impacto-en-accion-en-la-cumbre-de-sostenibilidad-2026\/#primaryimage"},"thumbnailUrl":"https:\/\/altropico.org.ec\/wp-content\/uploads\/2026\/04\/WhatsApp-Image-2026-04-28-at-12.19.56-PM.jpeg","articleSection":["Noticias"],"inLanguage":"es"},{"@type":"WebPage","@id":"https:\/\/altropico.org.ec\/index.php\/2026\/04\/28\/fundacion-altropico-recibe-reconocimiento-ongs-impacto-en-accion-en-la-cumbre-de-sostenibilidad-2026\/","url":"https:\/\/altropico.org.ec\/index.php\/2026\/04\/28\/fundacion-altropico-recibe-reconocimiento-ongs-impacto-en-accion-en-la-cumbre-de-sostenibilidad-2026\/","name":"Fundaci\u00f3n ALTROPICO recibe reconocimiento \"ONGs - Impacto en Acci\u00f3n\" en la Cumbre de Sostenibilidad 2026 - Fundaci\u00f3n ALTROPICO","isPartOf":{"@id":"https:\/\/altropico.org.ec\/#website"},"primaryImageOfPage":{"@id":"https:\/\/altropico.org.ec\/index.php\/2026\/04\/28\/fundacion-altropico-recibe-reconocimiento-ongs-impacto-en-accion-en-la-cumbre-de-sostenibilidad-2026\/#primaryimage"},"image":{"@id":"https:\/\/altropico.org.ec\/index.php\/2026\/04\/28\/fundacion-altropico-recibe-reconocimiento-ongs-impacto-en-accion-en-la-cumbre-de-sostenibilidad-2026\/#primaryimage"},"thumbnailUrl":"https:\/\/altropico.org.ec\/wp-content\/uploads\/2026\/04\/WhatsApp-Image-2026-04-28-at-12.19.56-PM.jpeg","datePublished":"2026-04-28T17:21:49+00:00","dateModified":"2026-04-28T17:21:51+00:00","description":"Proyecto BIDA desarroll\u00f3 campa\u00f1a de sensibilizaci\u00f3n y educaci\u00f3n ambiental para conservas las ACUS y la gesti\u00f3n del agua.","breadcrumb":{"@id":"https:\/\/altropico.org.ec\/index.php\/2026\/04\/28\/fundacion-altropico-recibe-reconocimiento-ongs-impacto-en-accion-en-la-cumbre-de-sostenibilidad-2026\/#breadcrumb"},"inLanguage":"es","potentialAction":[{"@type":"ReadAction","target":["https:\/\/altropico.org.ec\/index.php\/2026\/04\/28\/fundacion-altropico-recibe-reconocimiento-ongs-impacto-en-accion-en-la-cumbre-de-sostenibilidad-2026\/"]}]},{"@type":"ImageObject","inLanguage":"es","@id":"https:\/\/altropico.org.ec\/index.php\/2026\/04\/28\/fundacion-altropico-recibe-reconocimiento-ongs-impacto-en-accion-en-la-cumbre-de-sostenibilidad-2026\/#primaryimage","url":"https:\/\/altropico.org.ec\/wp-content\/uploads\/2026\/04\/WhatsApp-Image-2026-04-28-at-12.19.56-PM.jpeg","contentUrl":"https:\/\/altropico.org.ec\/wp-content\/uploads\/2026\/04\/WhatsApp-Image-2026-04-28-at-12.19.56-PM.jpeg","width":1600,"height":900},{"@type":"BreadcrumbList","@id":"https:\/\/altropico.org.ec\/index.php\/2026\/04\/28\/fundacion-altropico-recibe-reconocimiento-ongs-impacto-en-accion-en-la-cumbre-de-sostenibilidad-2026\/#breadcrumb","itemListElement":[{"@type":"ListItem","position":1,"name":"Portada","item":"https:\/\/altropico.org.ec\/"},{"@type":"ListItem","position":2,"name":"Fundaci\u00f3n ALTROPICO recibe reconocimiento &#8220;ONGs &#8211; Impacto en Acci\u00f3n&#8221; en la Cumbre de Sostenibilidad 2026"}]},{"@type":"WebSite","@id":"https:\/\/altropico.org.ec\/#website","url":"https:\/\/altropico.org.ec\/","name":"Fundaci\u00f3n ALTROPICO","description":"","publisher":{"@id":"https:\/\/altropico.org.ec\/#organization"},"potentialAction":[{"@type":"SearchAction","target":{"@type":"EntryPoint","urlTemplate":"https:\/\/altropico.org.ec\/?s={search_term_string}"},"query-input":"required name=search_term_string"}],"inLanguage":"es"},{"@type":"Organization","@id":"https:\/\/altropico.org.ec\/#organization","name":"Fundaci\u00f3n ALTROPICO","url":"https:\/\/altropico.org.ec\/","logo":{"@type":"ImageObject","inLanguage":"es","@id":"https:\/\/altropico.org.ec\/#\/schema\/logo\/image\/","url":"https:\/\/altropico.org.ec\/wp-content\/uploads\/2024\/03\/cropped-logo-altropico-horizontal.png","contentUrl":"https:\/\/altropico.org.ec\/wp-content\/uploads\/2024\/03\/cropped-logo-altropico-horizontal.png","width":1058,"height":417,"caption":"Fundaci\u00f3n ALTROPICO"},"image":{"@id":"https:\/\/altropico.org.ec\/#\/schema\/logo\/image\/"},"sameAs":["https:\/\/www.facebook.com\/Altropico.ec","https:\/\/x.com\/altropico","https:\/\/www.instagram.com\/altropico_ec","https:\/\/www.youtube.com\/@fundacionaltropico4239"]},{"@type":"Person","@id":"https:\/\/altropico.org.ec\/#\/schema\/person\/c39ffc0240c0a7e9d2c2cea5c037755c","name":"altropico","image":{"@type":"ImageObject","inLanguage":"es","@id":"https:\/\/altropico.org.ec\/#\/schema\/person\/image\/","url":"https:\/\/secure.gravatar.com\/avatar\/9e94f4125bc3209ea2dd51ae3b53f69e?s=96&d=mm&r=g","contentUrl":"https:\/\/secure.gravatar.com\/avatar\/9e94f4125bc3209ea2dd51ae3b53f69e?s=96&d=mm&r=g","caption":"altropico"},"url":"https:\/\/altropico.org.ec\/index.php\/author\/altropico\/"}]}},"_links":{"self":[{"href":"https:\/\/altropico.org.ec\/index.php\/wp-json\/wp\/v2\/posts\/610"}],"collection":[{"href":"https:\/\/altropico.org.ec\/index.php\/wp-json\/wp\/v2\/posts"}],"about":[{"href":"https:\/\/altropico.org.ec\/index.php\/wp-json\/wp\/v2\/types\/post"}],"author":[{"embeddable":true,"href":"https:\/\/altropico.org.ec\/index.php\/wp-json\/wp\/v2\/users\/2"}],"replies":[{"embeddable":true,"href":"https:\/\/altropico.org.ec\/index.php\/wp-json\/wp\/v2\/comments?post=610"}],"version-history":[{"count":0,"href":"https:\/\/altropico.org.ec\/index.php\/wp-json\/wp\/v2\/posts\/610\/revisions"}],"wp:featuredmedia":[{"embeddable":true,"href":"https:\/\/altropico.org.ec\/index.php\/wp-json\/wp\/v2\/media\/612"}],"wp:attachment":[{"href":"https:\/\/altropico.org.ec\/index.php\/wp-json\/wp\/v2\/media?parent=610"}],"wp:term":[{"taxonomy":"category","embeddable":true,"href":"https:\/\/altropico.org.ec\/index.php\/wp-json\/wp\/v2\/categories?post=610"},{"taxonomy":"post_tag","embeddable":true,"href":"https:\/\/altropico.org.ec\/index.php\/wp-json\/wp\/v2\/tags?post=610"}],"curies":[{"name":"wp","href":"https:\/\/api.w.org\/{rel}","templated":true}]}}