{"id":604,"date":"2026-04-28T12:07:29","date_gmt":"2026-04-28T17:07:29","guid":{"rendered":"https:\/\/altropico.org.ec\/?p=604"},"modified":"2026-04-28T12:07:31","modified_gmt":"2026-04-28T17:07:31","slug":"ranita-carnaval-2026-reunio-a-mas-de-1-500-personas-en-el-acus-chinambi","status":"publish","type":"post","link":"https:\/\/altropico.org.ec\/index.php\/2026\/04\/28\/ranita-carnaval-2026-reunio-a-mas-de-1-500-personas-en-el-acus-chinambi\/","title":{"rendered":"\u00abRanita Carnaval 2026\u201d reuni\u00f3 a m\u00e1s de 1.500 personas en el Acus Chinamb\u00ed"},"content":{"rendered":"\n<p><\/p>\n\n\n\n<p>La comunidad de Chinamb\u00ed, ubicada dentro del \u00c1rea de Conservaci\u00f3n y Uso Sustentable Provincial Chinamb\u00ed (ACUS), fue escenario del evento cultural y tur\u00edstico \u201cRanita Carnaval 2026\u201d, una jornada que congreg\u00f3 aproximadamente a 1.500 visitantes provenientes del cant\u00f3n Mont\u00fafar y de distintos puntos de la provincia del Carchi.<\/p>\n\n\n\n<p>La iniciativa fue impulsada por la Prefectura del Carchi como parte de sus acciones para promover el turismo sostenible, fortalecer la identidad cultural local y dinamizar la econom\u00eda de los territorios rurales. El evento se desarroll\u00f3 el 15 de febrero con una agenda que incluy\u00f3 preg\u00f3n de carnaval, visitas a balnearios naturales, actividades recreativas, presentaciones art\u00edsticas y la tradicional elecci\u00f3n de la Ranita Carnaval, una expresi\u00f3n cultural representativa de la comunidad.<\/p>\n\n\n<div class=\"wp-block-image\">\n<figure class=\"aligncenter size-large is-resized\"><img fetchpriority=\"high\" decoding=\"async\" width=\"1024\" height=\"768\" src=\"https:\/\/altropico.org.ec\/wp-content\/uploads\/2026\/03\/WhatsApp-Image-2026-03-04-at-2.06.08-PM-1024x768.jpeg\" alt=\"\" class=\"wp-image-607\" style=\"width:468px;height:auto\" srcset=\"https:\/\/altropico.org.ec\/wp-content\/uploads\/2026\/03\/WhatsApp-Image-2026-03-04-at-2.06.08-PM-1024x768.jpeg 1024w, https:\/\/altropico.org.ec\/wp-content\/uploads\/2026\/03\/WhatsApp-Image-2026-03-04-at-2.06.08-PM-300x225.jpeg 300w, https:\/\/altropico.org.ec\/wp-content\/uploads\/2026\/03\/WhatsApp-Image-2026-03-04-at-2.06.08-PM-768x576.jpeg 768w, https:\/\/altropico.org.ec\/wp-content\/uploads\/2026\/03\/WhatsApp-Image-2026-03-04-at-2.06.08-PM.jpeg 1280w\" sizes=\"(max-width: 1024px) 100vw, 1024px\" \/><\/figure><\/div>\n\n\n<p>El encuentro se llev\u00f3 a cabo en el territorio del \u00c1rea de Conservaci\u00f3n y Uso Sustentable Provincial Chinamb\u00ed, un espacio clave para la conservaci\u00f3n de los ecosistemas de la provincia y para el impulso de iniciativas de turismo comunitario que buscan poner en valor el patrimonio natural y cultural del sector.<\/p>\n\n\n\n<p>Durante la jornada, visitantes y habitantes participaron en actividades como caritas pintadas para ni\u00f1os, presentaciones de artistas locales, animaci\u00f3n musical continua y espacios abiertos de integraci\u00f3n comunitaria. Adem\u00e1s, los balnearios naturales de la zona se convirtieron en uno de los principales atractivos para quienes aprovecharon el feriado de carnaval para conectarse con la naturaleza.<\/p>\n\n\n\n<p>Como parte del apoyo a esta iniciativa territorial, la Fundaci\u00f3n ALTROPICO contribuy\u00f3 con un transporte que facilit\u00f3 el traslado de visitantes al evento, fortaleciendo la participaci\u00f3n y el acceso seguro de personas interesadas en conocer este destino comunitario. Esta acci\u00f3n fue posible gracias al respaldo de Amigos de la Tierra Suecia, organizaci\u00f3n que apoya procesos locales orientados a la conservaci\u00f3n, el desarrollo sostenible y la articulaci\u00f3n comunitaria.<\/p>\n\n\n\n<p>La realizaci\u00f3n de Ranita Carnaval 2026 no solo promovi\u00f3 el turismo responsable dentro del \u00e1rea protegida, sino que tambi\u00e9n gener\u00f3 oportunidades para emprendimientos locales vinculados a la gastronom\u00eda, servicios y productos comunitarios, aportando a la dinamizaci\u00f3n econ\u00f3mica de Chinamb\u00ed.<\/p>\n\n\n\n<p>Eventos como este demuestran el potencial de las celebraciones culturales para fortalecer el tejido social, visibilizar la riqueza cultural de los territorios y posicionar a comunidades rurales como destinos ecotur\u00edsticos con identidad propia.<\/p>\n\n\n\n<p><\/p>\n\n\n\n<p><\/p>\n\n\n\n<p><br><\/p>\n","protected":false},"excerpt":{"rendered":"<p>La comunidad de Chinamb\u00ed, ubicada dentro del \u00c1rea de Conservaci\u00f3n y Uso Sustentable Provincial Chinamb\u00ed (ACUS), fue escenario del evento cultural y tur\u00edstico \u201cRanita Carnaval 2026\u201d, una jornada que congreg\u00f3 aproximadamente a 1.500 visitantes provenientes del cant\u00f3n Mont\u00fafar y de distintos puntos de la provincia del Carchi. La iniciativa fue impulsada por la Prefectura del [&hellip;]<\/p>\n","protected":false},"author":2,"featured_media":605,"comment_status":"closed","ping_status":"closed","sticky":false,"template":"","format":"standard","meta":{"footnotes":""},"categories":[4],"tags":[],"yoast_head":"<!-- This site is optimized with the Yoast SEO plugin v22.7 - https:\/\/yoast.com\/wordpress\/plugins\/seo\/ -->\n<title>&quot;Ranita Carnaval 2026\u201d reuni\u00f3 a m\u00e1s de 1.500 personas en el Acus Chinamb\u00ed - Fundaci\u00f3n ALTROPICO<\/title>\n<meta name=\"description\" content=\"Proyecto BIDA desarroll\u00f3 campa\u00f1a de sensibilizaci\u00f3n y educaci\u00f3n ambiental para conservas las ACUS y la gesti\u00f3n del agua.\" \/>\n<meta name=\"robots\" content=\"index, follow, max-snippet:-1, max-image-preview:large, max-video-preview:-1\" \/>\n<link rel=\"canonical\" href=\"https:\/\/altropico.org.ec\/index.php\/2026\/04\/28\/ranita-carnaval-2026-reunio-a-mas-de-1-500-personas-en-el-acus-chinambi\/\" \/>\n<meta property=\"og:locale\" content=\"es_ES\" \/>\n<meta property=\"og:type\" content=\"article\" \/>\n<meta property=\"og:title\" content=\"Campa\u00f1a de proyecto BIDA promovi\u00f3 la conservaci\u00f3n de las ACUS y la gesti\u00f3n del agua\" \/>\n<meta property=\"og:description\" content=\"En esta campa\u00f1a participaron actores locales como el Gobierno Aut\u00f3nomo Descentralizado de Eloy Alfaro, comunidades de la cuenca del R\u00edo Cayapas, radios comunitarias de Ibarra y Esmeraldas, unidades educativas y promotores particulares dedicados a la conservaci\u00f3n.\" \/>\n<meta property=\"og:url\" content=\"https:\/\/altropico.org.ec\/index.php\/2026\/04\/28\/ranita-carnaval-2026-reunio-a-mas-de-1-500-personas-en-el-acus-chinambi\/\" \/>\n<meta property=\"og:site_name\" content=\"Fundaci\u00f3n ALTROPICO\" \/>\n<meta property=\"article:publisher\" content=\"https:\/\/www.facebook.com\/Altropico.ec\" \/>\n<meta property=\"article:published_time\" content=\"2026-04-28T17:07:29+00:00\" \/>\n<meta property=\"article:modified_time\" content=\"2026-04-28T17:07:31+00:00\" \/>\n<meta property=\"og:image\" content=\"https:\/\/altropico.org.ec\/wp-content\/uploads\/2025\/02\/Imagen-de-WhatsApp-2025-02-02-a-las-22.59.59_80791a61.jpg\" \/>\n\t<meta property=\"og:image:width\" content=\"1600\" \/>\n\t<meta property=\"og:image:height\" content=\"1200\" \/>\n\t<meta property=\"og:image:type\" content=\"image\/jpeg\" \/>\n<meta name=\"author\" content=\"altropico\" \/>\n<meta name=\"twitter:card\" content=\"summary_large_image\" \/>\n<meta name=\"twitter:creator\" content=\"@altropico\" \/>\n<meta name=\"twitter:site\" content=\"@altropico\" \/>\n<meta name=\"twitter:label1\" content=\"Escrito por\" \/>\n\t<meta name=\"twitter:data1\" content=\"altropico\" \/>\n\t<meta name=\"twitter:label2\" content=\"Tiempo de lectura\" \/>\n\t<meta name=\"twitter:data2\" content=\"2 minutos\" \/>\n<script type=\"application\/ld+json\" class=\"yoast-schema-graph\">{\"@context\":\"https:\/\/schema.org\",\"@graph\":[{\"@type\":\"Article\",\"@id\":\"https:\/\/altropico.org.ec\/index.php\/2026\/04\/28\/ranita-carnaval-2026-reunio-a-mas-de-1-500-personas-en-el-acus-chinambi\/#article\",\"isPartOf\":{\"@id\":\"https:\/\/altropico.org.ec\/index.php\/2026\/04\/28\/ranita-carnaval-2026-reunio-a-mas-de-1-500-personas-en-el-acus-chinambi\/\"},\"author\":{\"name\":\"altropico\",\"@id\":\"https:\/\/altropico.org.ec\/#\/schema\/person\/c39ffc0240c0a7e9d2c2cea5c037755c\"},\"headline\":\"\u00abRanita Carnaval 2026\u201d reuni\u00f3 a m\u00e1s de 1.500 personas en el Acus Chinamb\u00ed\",\"datePublished\":\"2026-04-28T17:07:29+00:00\",\"dateModified\":\"2026-04-28T17:07:31+00:00\",\"mainEntityOfPage\":{\"@id\":\"https:\/\/altropico.org.ec\/index.php\/2026\/04\/28\/ranita-carnaval-2026-reunio-a-mas-de-1-500-personas-en-el-acus-chinambi\/\"},\"wordCount\":397,\"publisher\":{\"@id\":\"https:\/\/altropico.org.ec\/#organization\"},\"image\":{\"@id\":\"https:\/\/altropico.org.ec\/index.php\/2026\/04\/28\/ranita-carnaval-2026-reunio-a-mas-de-1-500-personas-en-el-acus-chinambi\/#primaryimage\"},\"thumbnailUrl\":\"https:\/\/altropico.org.ec\/wp-content\/uploads\/2026\/03\/A7406746.JPG-scaled.jpeg\",\"articleSection\":[\"Noticias\"],\"inLanguage\":\"es\"},{\"@type\":\"WebPage\",\"@id\":\"https:\/\/altropico.org.ec\/index.php\/2026\/04\/28\/ranita-carnaval-2026-reunio-a-mas-de-1-500-personas-en-el-acus-chinambi\/\",\"url\":\"https:\/\/altropico.org.ec\/index.php\/2026\/04\/28\/ranita-carnaval-2026-reunio-a-mas-de-1-500-personas-en-el-acus-chinambi\/\",\"name\":\"\\\"Ranita Carnaval 2026\u201d reuni\u00f3 a m\u00e1s de 1.500 personas en el Acus Chinamb\u00ed - Fundaci\u00f3n ALTROPICO\",\"isPartOf\":{\"@id\":\"https:\/\/altropico.org.ec\/#website\"},\"primaryImageOfPage\":{\"@id\":\"https:\/\/altropico.org.ec\/index.php\/2026\/04\/28\/ranita-carnaval-2026-reunio-a-mas-de-1-500-personas-en-el-acus-chinambi\/#primaryimage\"},\"image\":{\"@id\":\"https:\/\/altropico.org.ec\/index.php\/2026\/04\/28\/ranita-carnaval-2026-reunio-a-mas-de-1-500-personas-en-el-acus-chinambi\/#primaryimage\"},\"thumbnailUrl\":\"https:\/\/altropico.org.ec\/wp-content\/uploads\/2026\/03\/A7406746.JPG-scaled.jpeg\",\"datePublished\":\"2026-04-28T17:07:29+00:00\",\"dateModified\":\"2026-04-28T17:07:31+00:00\",\"description\":\"Proyecto BIDA desarroll\u00f3 campa\u00f1a de sensibilizaci\u00f3n y educaci\u00f3n ambiental para conservas las ACUS y la gesti\u00f3n del agua.\",\"breadcrumb\":{\"@id\":\"https:\/\/altropico.org.ec\/index.php\/2026\/04\/28\/ranita-carnaval-2026-reunio-a-mas-de-1-500-personas-en-el-acus-chinambi\/#breadcrumb\"},\"inLanguage\":\"es\",\"potentialAction\":[{\"@type\":\"ReadAction\",\"target\":[\"https:\/\/altropico.org.ec\/index.php\/2026\/04\/28\/ranita-carnaval-2026-reunio-a-mas-de-1-500-personas-en-el-acus-chinambi\/\"]}]},{\"@type\":\"ImageObject\",\"inLanguage\":\"es\",\"@id\":\"https:\/\/altropico.org.ec\/index.php\/2026\/04\/28\/ranita-carnaval-2026-reunio-a-mas-de-1-500-personas-en-el-acus-chinambi\/#primaryimage\",\"url\":\"https:\/\/altropico.org.ec\/wp-content\/uploads\/2026\/03\/A7406746.JPG-scaled.jpeg\",\"contentUrl\":\"https:\/\/altropico.org.ec\/wp-content\/uploads\/2026\/03\/A7406746.JPG-scaled.jpeg\",\"width\":2560,\"height\":1707},{\"@type\":\"BreadcrumbList\",\"@id\":\"https:\/\/altropico.org.ec\/index.php\/2026\/04\/28\/ranita-carnaval-2026-reunio-a-mas-de-1-500-personas-en-el-acus-chinambi\/#breadcrumb\",\"itemListElement\":[{\"@type\":\"ListItem\",\"position\":1,\"name\":\"Portada\",\"item\":\"https:\/\/altropico.org.ec\/\"},{\"@type\":\"ListItem\",\"position\":2,\"name\":\"\u00abRanita Carnaval 2026\u201d reuni\u00f3 a m\u00e1s de 1.500 personas en el Acus Chinamb\u00ed\"}]},{\"@type\":\"WebSite\",\"@id\":\"https:\/\/altropico.org.ec\/#website\",\"url\":\"https:\/\/altropico.org.ec\/\",\"name\":\"Fundaci\u00f3n ALTROPICO\",\"description\":\"\",\"publisher\":{\"@id\":\"https:\/\/altropico.org.ec\/#organization\"},\"potentialAction\":[{\"@type\":\"SearchAction\",\"target\":{\"@type\":\"EntryPoint\",\"urlTemplate\":\"https:\/\/altropico.org.ec\/?s={search_term_string}\"},\"query-input\":\"required name=search_term_string\"}],\"inLanguage\":\"es\"},{\"@type\":\"Organization\",\"@id\":\"https:\/\/altropico.org.ec\/#organization\",\"name\":\"Fundaci\u00f3n ALTROPICO\",\"url\":\"https:\/\/altropico.org.ec\/\",\"logo\":{\"@type\":\"ImageObject\",\"inLanguage\":\"es\",\"@id\":\"https:\/\/altropico.org.ec\/#\/schema\/logo\/image\/\",\"url\":\"https:\/\/altropico.org.ec\/wp-content\/uploads\/2024\/03\/cropped-logo-altropico-horizontal.png\",\"contentUrl\":\"https:\/\/altropico.org.ec\/wp-content\/uploads\/2024\/03\/cropped-logo-altropico-horizontal.png\",\"width\":1058,\"height\":417,\"caption\":\"Fundaci\u00f3n ALTROPICO\"},\"image\":{\"@id\":\"https:\/\/altropico.org.ec\/#\/schema\/logo\/image\/\"},\"sameAs\":[\"https:\/\/www.facebook.com\/Altropico.ec\",\"https:\/\/x.com\/altropico\",\"https:\/\/www.instagram.com\/altropico_ec\",\"https:\/\/www.youtube.com\/@fundacionaltropico4239\"]},{\"@type\":\"Person\",\"@id\":\"https:\/\/altropico.org.ec\/#\/schema\/person\/c39ffc0240c0a7e9d2c2cea5c037755c\",\"name\":\"altropico\",\"image\":{\"@type\":\"ImageObject\",\"inLanguage\":\"es\",\"@id\":\"https:\/\/altropico.org.ec\/#\/schema\/person\/image\/\",\"url\":\"https:\/\/secure.gravatar.com\/avatar\/9e94f4125bc3209ea2dd51ae3b53f69e?s=96&d=mm&r=g\",\"contentUrl\":\"https:\/\/secure.gravatar.com\/avatar\/9e94f4125bc3209ea2dd51ae3b53f69e?s=96&d=mm&r=g\",\"caption\":\"altropico\"},\"url\":\"https:\/\/altropico.org.ec\/index.php\/author\/altropico\/\"}]}<\/script>\n<!-- \/ Yoast SEO plugin. -->","yoast_head_json":{"title":"\"Ranita Carnaval 2026\u201d reuni\u00f3 a m\u00e1s de 1.500 personas en el Acus Chinamb\u00ed - Fundaci\u00f3n ALTROPICO","description":"Proyecto BIDA desarroll\u00f3 campa\u00f1a de sensibilizaci\u00f3n y educaci\u00f3n ambiental para conservas las ACUS y la gesti\u00f3n del agua.","robots":{"index":"index","follow":"follow","max-snippet":"max-snippet:-1","max-image-preview":"max-image-preview:large","max-video-preview":"max-video-preview:-1"},"canonical":"https:\/\/altropico.org.ec\/index.php\/2026\/04\/28\/ranita-carnaval-2026-reunio-a-mas-de-1-500-personas-en-el-acus-chinambi\/","og_locale":"es_ES","og_type":"article","og_title":"Campa\u00f1a de proyecto BIDA promovi\u00f3 la conservaci\u00f3n de las ACUS y la gesti\u00f3n del agua","og_description":"En esta campa\u00f1a participaron actores locales como el Gobierno Aut\u00f3nomo Descentralizado de Eloy Alfaro, comunidades de la cuenca del R\u00edo Cayapas, radios comunitarias de Ibarra y Esmeraldas, unidades educativas y promotores particulares dedicados a la conservaci\u00f3n.","og_url":"https:\/\/altropico.org.ec\/index.php\/2026\/04\/28\/ranita-carnaval-2026-reunio-a-mas-de-1-500-personas-en-el-acus-chinambi\/","og_site_name":"Fundaci\u00f3n ALTROPICO","article_publisher":"https:\/\/www.facebook.com\/Altropico.ec","article_published_time":"2026-04-28T17:07:29+00:00","article_modified_time":"2026-04-28T17:07:31+00:00","og_image":[{"width":1600,"height":1200,"url":"https:\/\/altropico.org.ec\/wp-content\/uploads\/2025\/02\/Imagen-de-WhatsApp-2025-02-02-a-las-22.59.59_80791a61.jpg","type":"image\/jpeg"}],"author":"altropico","twitter_card":"summary_large_image","twitter_creator":"@altropico","twitter_site":"@altropico","twitter_misc":{"Escrito por":"altropico","Tiempo de lectura":"2 minutos"},"schema":{"@context":"https:\/\/schema.org","@graph":[{"@type":"Article","@id":"https:\/\/altropico.org.ec\/index.php\/2026\/04\/28\/ranita-carnaval-2026-reunio-a-mas-de-1-500-personas-en-el-acus-chinambi\/#article","isPartOf":{"@id":"https:\/\/altropico.org.ec\/index.php\/2026\/04\/28\/ranita-carnaval-2026-reunio-a-mas-de-1-500-personas-en-el-acus-chinambi\/"},"author":{"name":"altropico","@id":"https:\/\/altropico.org.ec\/#\/schema\/person\/c39ffc0240c0a7e9d2c2cea5c037755c"},"headline":"\u00abRanita Carnaval 2026\u201d reuni\u00f3 a m\u00e1s de 1.500 personas en el Acus Chinamb\u00ed","datePublished":"2026-04-28T17:07:29+00:00","dateModified":"2026-04-28T17:07:31+00:00","mainEntityOfPage":{"@id":"https:\/\/altropico.org.ec\/index.php\/2026\/04\/28\/ranita-carnaval-2026-reunio-a-mas-de-1-500-personas-en-el-acus-chinambi\/"},"wordCount":397,"publisher":{"@id":"https:\/\/altropico.org.ec\/#organization"},"image":{"@id":"https:\/\/altropico.org.ec\/index.php\/2026\/04\/28\/ranita-carnaval-2026-reunio-a-mas-de-1-500-personas-en-el-acus-chinambi\/#primaryimage"},"thumbnailUrl":"https:\/\/altropico.org.ec\/wp-content\/uploads\/2026\/03\/A7406746.JPG-scaled.jpeg","articleSection":["Noticias"],"inLanguage":"es"},{"@type":"WebPage","@id":"https:\/\/altropico.org.ec\/index.php\/2026\/04\/28\/ranita-carnaval-2026-reunio-a-mas-de-1-500-personas-en-el-acus-chinambi\/","url":"https:\/\/altropico.org.ec\/index.php\/2026\/04\/28\/ranita-carnaval-2026-reunio-a-mas-de-1-500-personas-en-el-acus-chinambi\/","name":"\"Ranita Carnaval 2026\u201d reuni\u00f3 a m\u00e1s de 1.500 personas en el Acus Chinamb\u00ed - Fundaci\u00f3n ALTROPICO","isPartOf":{"@id":"https:\/\/altropico.org.ec\/#website"},"primaryImageOfPage":{"@id":"https:\/\/altropico.org.ec\/index.php\/2026\/04\/28\/ranita-carnaval-2026-reunio-a-mas-de-1-500-personas-en-el-acus-chinambi\/#primaryimage"},"image":{"@id":"https:\/\/altropico.org.ec\/index.php\/2026\/04\/28\/ranita-carnaval-2026-reunio-a-mas-de-1-500-personas-en-el-acus-chinambi\/#primaryimage"},"thumbnailUrl":"https:\/\/altropico.org.ec\/wp-content\/uploads\/2026\/03\/A7406746.JPG-scaled.jpeg","datePublished":"2026-04-28T17:07:29+00:00","dateModified":"2026-04-28T17:07:31+00:00","description":"Proyecto BIDA desarroll\u00f3 campa\u00f1a de sensibilizaci\u00f3n y educaci\u00f3n ambiental para conservas las ACUS y la gesti\u00f3n del agua.","breadcrumb":{"@id":"https:\/\/altropico.org.ec\/index.php\/2026\/04\/28\/ranita-carnaval-2026-reunio-a-mas-de-1-500-personas-en-el-acus-chinambi\/#breadcrumb"},"inLanguage":"es","potentialAction":[{"@type":"ReadAction","target":["https:\/\/altropico.org.ec\/index.php\/2026\/04\/28\/ranita-carnaval-2026-reunio-a-mas-de-1-500-personas-en-el-acus-chinambi\/"]}]},{"@type":"ImageObject","inLanguage":"es","@id":"https:\/\/altropico.org.ec\/index.php\/2026\/04\/28\/ranita-carnaval-2026-reunio-a-mas-de-1-500-personas-en-el-acus-chinambi\/#primaryimage","url":"https:\/\/altropico.org.ec\/wp-content\/uploads\/2026\/03\/A7406746.JPG-scaled.jpeg","contentUrl":"https:\/\/altropico.org.ec\/wp-content\/uploads\/2026\/03\/A7406746.JPG-scaled.jpeg","width":2560,"height":1707},{"@type":"BreadcrumbList","@id":"https:\/\/altropico.org.ec\/index.php\/2026\/04\/28\/ranita-carnaval-2026-reunio-a-mas-de-1-500-personas-en-el-acus-chinambi\/#breadcrumb","itemListElement":[{"@type":"ListItem","position":1,"name":"Portada","item":"https:\/\/altropico.org.ec\/"},{"@type":"ListItem","position":2,"name":"\u00abRanita Carnaval 2026\u201d reuni\u00f3 a m\u00e1s de 1.500 personas en el Acus Chinamb\u00ed"}]},{"@type":"WebSite","@id":"https:\/\/altropico.org.ec\/#website","url":"https:\/\/altropico.org.ec\/","name":"Fundaci\u00f3n ALTROPICO","description":"","publisher":{"@id":"https:\/\/altropico.org.ec\/#organization"},"potentialAction":[{"@type":"SearchAction","target":{"@type":"EntryPoint","urlTemplate":"https:\/\/altropico.org.ec\/?s={search_term_string}"},"query-input":"required name=search_term_string"}],"inLanguage":"es"},{"@type":"Organization","@id":"https:\/\/altropico.org.ec\/#organization","name":"Fundaci\u00f3n ALTROPICO","url":"https:\/\/altropico.org.ec\/","logo":{"@type":"ImageObject","inLanguage":"es","@id":"https:\/\/altropico.org.ec\/#\/schema\/logo\/image\/","url":"https:\/\/altropico.org.ec\/wp-content\/uploads\/2024\/03\/cropped-logo-altropico-horizontal.png","contentUrl":"https:\/\/altropico.org.ec\/wp-content\/uploads\/2024\/03\/cropped-logo-altropico-horizontal.png","width":1058,"height":417,"caption":"Fundaci\u00f3n ALTROPICO"},"image":{"@id":"https:\/\/altropico.org.ec\/#\/schema\/logo\/image\/"},"sameAs":["https:\/\/www.facebook.com\/Altropico.ec","https:\/\/x.com\/altropico","https:\/\/www.instagram.com\/altropico_ec","https:\/\/www.youtube.com\/@fundacionaltropico4239"]},{"@type":"Person","@id":"https:\/\/altropico.org.ec\/#\/schema\/person\/c39ffc0240c0a7e9d2c2cea5c037755c","name":"altropico","image":{"@type":"ImageObject","inLanguage":"es","@id":"https:\/\/altropico.org.ec\/#\/schema\/person\/image\/","url":"https:\/\/secure.gravatar.com\/avatar\/9e94f4125bc3209ea2dd51ae3b53f69e?s=96&d=mm&r=g","contentUrl":"https:\/\/secure.gravatar.com\/avatar\/9e94f4125bc3209ea2dd51ae3b53f69e?s=96&d=mm&r=g","caption":"altropico"},"url":"https:\/\/altropico.org.ec\/index.php\/author\/altropico\/"}]}},"_links":{"self":[{"href":"https:\/\/altropico.org.ec\/index.php\/wp-json\/wp\/v2\/posts\/604"}],"collection":[{"href":"https:\/\/altropico.org.ec\/index.php\/wp-json\/wp\/v2\/posts"}],"about":[{"href":"https:\/\/altropico.org.ec\/index.php\/wp-json\/wp\/v2\/types\/post"}],"author":[{"embeddable":true,"href":"https:\/\/altropico.org.ec\/index.php\/wp-json\/wp\/v2\/users\/2"}],"replies":[{"embeddable":true,"href":"https:\/\/altropico.org.ec\/index.php\/wp-json\/wp\/v2\/comments?post=604"}],"version-history":[{"count":0,"href":"https:\/\/altropico.org.ec\/index.php\/wp-json\/wp\/v2\/posts\/604\/revisions"}],"wp:featuredmedia":[{"embeddable":true,"href":"https:\/\/altropico.org.ec\/index.php\/wp-json\/wp\/v2\/media\/605"}],"wp:attachment":[{"href":"https:\/\/altropico.org.ec\/index.php\/wp-json\/wp\/v2\/media?parent=604"}],"wp:term":[{"taxonomy":"category","embeddable":true,"href":"https:\/\/altropico.org.ec\/index.php\/wp-json\/wp\/v2\/categories?post=604"},{"taxonomy":"post_tag","embeddable":true,"href":"https:\/\/altropico.org.ec\/index.php\/wp-json\/wp\/v2\/tags?post=604"}],"curies":[{"name":"wp","href":"https:\/\/api.w.org\/{rel}","templated":true}]}}