{"id":327,"date":"2024-06-14T18:19:00","date_gmt":"2024-06-14T23:19:00","guid":{"rendered":"https:\/\/altropico.org.ec\/?p=327"},"modified":"2024-07-29T12:24:31","modified_gmt":"2024-07-29T17:24:31","slug":"festival-de-anfibios-sensibilizo-sobre-especies-amenazadas-en-acus-de-chinambi","status":"publish","type":"post","link":"https:\/\/altropico.org.ec\/index.php\/2024\/06\/14\/festival-de-anfibios-sensibilizo-sobre-especies-amenazadas-en-acus-de-chinambi\/","title":{"rendered":"Festival de anfibios sensibiliz\u00f3 sobre especies amenazadas en ACUS de Chinamb\u00ed"},"content":{"rendered":"\n<figure class=\"wp-block-image size-large\"><img fetchpriority=\"high\" decoding=\"async\" width=\"1024\" height=\"576\" src=\"https:\/\/altropico.org.ec\/wp-content\/uploads\/2024\/06\/Atelopus-Palmatus-1024x576.jpeg\" alt=\"\" class=\"wp-image-330\" srcset=\"https:\/\/altropico.org.ec\/wp-content\/uploads\/2024\/06\/Atelopus-Palmatus-1024x576.jpeg 1024w, https:\/\/altropico.org.ec\/wp-content\/uploads\/2024\/06\/Atelopus-Palmatus-300x169.jpeg 300w, https:\/\/altropico.org.ec\/wp-content\/uploads\/2024\/06\/Atelopus-Palmatus-768x432.jpeg 768w, https:\/\/altropico.org.ec\/wp-content\/uploads\/2024\/06\/Atelopus-Palmatus-1536x864.jpeg 1536w, https:\/\/altropico.org.ec\/wp-content\/uploads\/2024\/06\/Atelopus-Palmatus.jpeg 1600w\" sizes=\"(max-width: 1024px) 100vw, 1024px\" \/><\/figure>\n\n\n\n<p>Con un Festival de Anfibios se inform\u00f3 y sensibiliz\u00f3 a estudiantes de turismo y la comunidad de Chinamb\u00ed, del cant\u00f3n Mira en Carchi, sobre la importancia del \u00c1rea de Conservaci\u00f3n de Uso Sostenible, ACUS, de Chimanb\u00ed que es parte del \u00c1rea Clave para la Biodiversidad, KBA Ecuador. Est\u00e1 \u00e1rea forma parte del proyecto \u201cFortalecimiento de Emprendimientos de Conservaci\u00f3n en el territorio \u00e9tnico AWA y alrededores KBA Ecuador\u201d que ejecuta Fundaci\u00f3n ALTROPICO con el Fondo de Alianzas para los Ecosistemas Cr\u00edticos, CEPF.<\/p>\n\n\n\n<p>CEPF, es una iniciativa conjunta de La Agencia Francesa de Desarrollo, la Conservaci\u00f3n Internacional, la Uni\u00f3n Europea, el Fondo para el Medio Ambiente Mundial, el Gobierno de Jap\u00f3n, y el Banco Mundial. El programa de CEPF en Ecuador cuenta con un financiamiento del Gobierno alem\u00e1n a trav\u00e9s del KfW. La meta fundamental es asegurar que la sociedad civil se dedique a conservar la diversidad biol\u00f3gica.<\/p>\n\n\n\n<p>En la ejecuci\u00f3n del proyecto CEPF, Fundaci\u00f3n ALTROPICO se articula con el Gobierno Aut\u00f3nomo Descentralizado Provincial, GADP de Carchi. Por ello, se implement\u00f3 dentro de las actividades de la Semana Ambiental del GADP de Carchi el festival de anfibios \u201cDesaf\u00edo, Naturaleza Carchi 2024\u201d, que estuvo dirigido a estudiantes de Turismo de la Universidad Polit\u00e9cnica Estatal de Carchi, UPEC, moradores de las comunidades de Chinamb\u00ed, emprendedores comunitarios y dirigentes.<\/p>\n\n\n\n<figure class=\"wp-block-image size-large\"><img decoding=\"async\" width=\"1024\" height=\"683\" src=\"https:\/\/altropico.org.ec\/wp-content\/uploads\/2024\/06\/DSC_5249-1-1024x683.jpg\" alt=\"\" class=\"wp-image-331\" srcset=\"https:\/\/altropico.org.ec\/wp-content\/uploads\/2024\/06\/DSC_5249-1-1024x683.jpg 1024w, https:\/\/altropico.org.ec\/wp-content\/uploads\/2024\/06\/DSC_5249-1-300x200.jpg 300w, https:\/\/altropico.org.ec\/wp-content\/uploads\/2024\/06\/DSC_5249-1-768x512.jpg 768w, https:\/\/altropico.org.ec\/wp-content\/uploads\/2024\/06\/DSC_5249-1-1536x1024.jpg 1536w, https:\/\/altropico.org.ec\/wp-content\/uploads\/2024\/06\/DSC_5249-1-2048x1365.jpg 2048w\" sizes=\"(max-width: 1024px) 100vw, 1024px\" \/><\/figure>\n\n\n\n<p>Henry Aguilar, t\u00e9cnico de ALTROPICO, explic\u00f3 que el festival permiti\u00f3 \u201csensibilizar en temas de conservaci\u00f3n sobre el ACUS de Chinamb\u00ed y los alcances del proyecto CEPF en temas de gobernanza, turismo y agroecolog\u00eda\u201d.<\/p>\n\n\n\n<p>Durante los d\u00edas s\u00e1bado 8 y domingo 9 de junio se desarroll\u00f3 el Festival. El s\u00e1bado en la noche se realiz\u00f3 el avistamiento de anfibios. T\u00e9cnicos del GADP de Carchi guiaron a los estudiantes y personas de la comunidad para que conozcan e identifiquen las principales especies amenazadas en anfibios, como: Atelopus coynei, Atelopus Longirostris, Hyloxalus awa, Hyloxalus delatorreae, Pristimantis ortizi, Rhaebo Colomaique que est\u00e1n en estados vulnerables y cr\u00edticos por la p\u00e9rdida de su h\u00e1bitat.<\/p>\n\n\n\n<p>Steven Garc\u00eda, estudiante de la UPEC, dijo que para los estudiantes de su carrera es importante conocer sobre la importancia de la biodiversidad, en especial sobre las amenazas que hay en estos territorios para las especies, porque de esa manera pueden aportar a dar opciones de turismo sostenible.<\/p>\n\n\n\n<figure class=\"wp-block-image size-large\"><img decoding=\"async\" width=\"1024\" height=\"683\" src=\"https:\/\/altropico.org.ec\/wp-content\/uploads\/2024\/06\/DSC_5444-1024x683.jpg\" alt=\"\" class=\"wp-image-332\" srcset=\"https:\/\/altropico.org.ec\/wp-content\/uploads\/2024\/06\/DSC_5444-1024x683.jpg 1024w, https:\/\/altropico.org.ec\/wp-content\/uploads\/2024\/06\/DSC_5444-300x200.jpg 300w, https:\/\/altropico.org.ec\/wp-content\/uploads\/2024\/06\/DSC_5444-768x512.jpg 768w, https:\/\/altropico.org.ec\/wp-content\/uploads\/2024\/06\/DSC_5444-1536x1024.jpg 1536w, https:\/\/altropico.org.ec\/wp-content\/uploads\/2024\/06\/DSC_5444-2048x1365.jpg 2048w\" sizes=\"(max-width: 1024px) 100vw, 1024px\" \/><\/figure>\n\n\n\n<p>El d\u00eda domingo se realiz\u00f3 un avistamiento de aves y tambi\u00e9n una socializaci\u00f3n sobre la importancia del ACUS de Chinamb\u00ed por parte del GADP Provincial, mientras que ALTROPICO inform\u00f3 sobre el proyecto CEPF que ejecuta. &nbsp;En esta actividad participaron comuneros, emprendedores y dirigentes de la zona, quienes dieron a conocer sobre sus experiencias y se mostraron interesados en ejecutar proyectos que est\u00e9n enmarcados en la sostenibilidad del \u00e1rea.<\/p>\n\n\n\n<p>Amanda Batallas, moradora del sector y emprendedora, a\u00f1adi\u00f3 que las mujeres tienen un rol fundamental con la conservaci\u00f3n, adem\u00e1s dio a conocer sobre la experiencia que vive junto a su familia como emprendedora con un enfoque de conservaci\u00f3n. \u201cCon mi familia cambiamos la forma de sostenernos econ\u00f3micamente y ahora ofrecemos a las personas rutas para que conozcan a los anfibios de la zona\u201d.<\/p>\n\n\n\n<p>Por su parte, Diego Arag\u00f3n (administrador del ACUS por parte del GADP de Carchi) sostuvo que actualmente se tiene un plan de manejo de programa de uso m\u00faltiple de actividades tur\u00edsticas para presentar opciones a la comunidad con emprendimientos que no causen impacto en el ACUS.<\/p>\n\n\n\n<p>El festival tambi\u00e9n cont\u00f3 con el apoyo y colaboraci\u00f3n de las organizaciones Avekany, Ecogobtur y Ecored.<\/p>\n","protected":false},"excerpt":{"rendered":"<p>Con un Festival de Anfibios se inform\u00f3 y sensibiliz\u00f3 a estudiantes de turismo y la comunidad de Chinamb\u00ed, del cant\u00f3n Mira en Carchi, sobre la importancia del \u00c1rea de Conservaci\u00f3n de Uso Sostenible, ACUS, de Chimanb\u00ed que es parte del \u00c1rea Clave para la Biodiversidad, KBA Ecuador. Est\u00e1 \u00e1rea forma parte del proyecto \u201cFortalecimiento de [&hellip;]<\/p>\n","protected":false},"author":2,"featured_media":328,"comment_status":"closed","ping_status":"closed","sticky":false,"template":"","format":"standard","meta":{"footnotes":""},"categories":[4],"tags":[],"yoast_head":"<!-- This site is optimized with the Yoast SEO plugin v22.7 - https:\/\/yoast.com\/wordpress\/plugins\/seo\/ -->\n<title>Festival de anfibios sensibiliz\u00f3 sobre especies amenazadas en ACUS de Chinamb\u00ed - Fundaci\u00f3n ALTROPICO %<\/title>\n<meta name=\"description\" content=\"El festival de anfibios por la Semana Ambiental del GADP de Carchi permiti\u00f3 sensibilizar y conocer sobre especies amenazadas\" \/>\n<meta name=\"robots\" content=\"index, follow, max-snippet:-1, max-image-preview:large, max-video-preview:-1\" \/>\n<link rel=\"canonical\" href=\"https:\/\/altropico.org.ec\/index.php\/2024\/06\/14\/festival-de-anfibios-sensibilizo-sobre-especies-amenazadas-en-acus-de-chinambi\/\" \/>\n<meta property=\"og:locale\" content=\"es_ES\" \/>\n<meta property=\"og:type\" content=\"article\" \/>\n<meta property=\"og:title\" content=\"Festival de anfibios sensibiliz\u00f3 sobre especies amenazadas en ACUS de Chinamb\u00ed - Fundaci\u00f3n ALTROPICO %\" \/>\n<meta property=\"og:description\" content=\"El festival de anfibios por la Semana Ambiental del GADP de Carchi permiti\u00f3 sensibilizar y conocer sobre especies amenazadas\" \/>\n<meta property=\"og:url\" content=\"https:\/\/altropico.org.ec\/index.php\/2024\/06\/14\/festival-de-anfibios-sensibilizo-sobre-especies-amenazadas-en-acus-de-chinambi\/\" \/>\n<meta property=\"og:site_name\" content=\"Fundaci\u00f3n ALTROPICO\" \/>\n<meta property=\"article:publisher\" content=\"https:\/\/www.facebook.com\/Altropico.ec\" \/>\n<meta property=\"article:published_time\" content=\"2024-06-14T23:19:00+00:00\" \/>\n<meta property=\"article:modified_time\" content=\"2024-07-29T17:24:31+00:00\" \/>\n<meta property=\"og:image\" content=\"https:\/\/altropico.org.ec\/wp-content\/uploads\/2024\/06\/NOTA-WEB-FESTIVAL-ANFIBIOS.png\" \/>\n\t<meta property=\"og:image:width\" content=\"1200\" \/>\n\t<meta property=\"og:image:height\" content=\"700\" \/>\n\t<meta property=\"og:image:type\" content=\"image\/png\" \/>\n<meta name=\"author\" content=\"altropico\" \/>\n<meta name=\"twitter:card\" content=\"summary_large_image\" \/>\n<meta name=\"twitter:creator\" content=\"@altropico\" \/>\n<meta name=\"twitter:site\" content=\"@altropico\" \/>\n<meta name=\"twitter:label1\" content=\"Escrito por\" \/>\n\t<meta name=\"twitter:data1\" content=\"altropico\" \/>\n\t<meta name=\"twitter:label2\" content=\"Tiempo de lectura\" \/>\n\t<meta name=\"twitter:data2\" content=\"4 minutos\" \/>\n<script type=\"application\/ld+json\" class=\"yoast-schema-graph\">{\"@context\":\"https:\/\/schema.org\",\"@graph\":[{\"@type\":\"Article\",\"@id\":\"https:\/\/altropico.org.ec\/index.php\/2024\/06\/14\/festival-de-anfibios-sensibilizo-sobre-especies-amenazadas-en-acus-de-chinambi\/#article\",\"isPartOf\":{\"@id\":\"https:\/\/altropico.org.ec\/index.php\/2024\/06\/14\/festival-de-anfibios-sensibilizo-sobre-especies-amenazadas-en-acus-de-chinambi\/\"},\"author\":{\"name\":\"altropico\",\"@id\":\"https:\/\/altropico.org.ec\/#\/schema\/person\/c39ffc0240c0a7e9d2c2cea5c037755c\"},\"headline\":\"Festival de anfibios sensibiliz\u00f3 sobre especies amenazadas en ACUS de Chinamb\u00ed\",\"datePublished\":\"2024-06-14T23:19:00+00:00\",\"dateModified\":\"2024-07-29T17:24:31+00:00\",\"mainEntityOfPage\":{\"@id\":\"https:\/\/altropico.org.ec\/index.php\/2024\/06\/14\/festival-de-anfibios-sensibilizo-sobre-especies-amenazadas-en-acus-de-chinambi\/\"},\"wordCount\":615,\"publisher\":{\"@id\":\"https:\/\/altropico.org.ec\/#organization\"},\"image\":{\"@id\":\"https:\/\/altropico.org.ec\/index.php\/2024\/06\/14\/festival-de-anfibios-sensibilizo-sobre-especies-amenazadas-en-acus-de-chinambi\/#primaryimage\"},\"thumbnailUrl\":\"https:\/\/altropico.org.ec\/wp-content\/uploads\/2024\/06\/NOTA-WEB-FESTIVAL-ANFIBIOS.png\",\"articleSection\":[\"Noticias\"],\"inLanguage\":\"es\"},{\"@type\":\"WebPage\",\"@id\":\"https:\/\/altropico.org.ec\/index.php\/2024\/06\/14\/festival-de-anfibios-sensibilizo-sobre-especies-amenazadas-en-acus-de-chinambi\/\",\"url\":\"https:\/\/altropico.org.ec\/index.php\/2024\/06\/14\/festival-de-anfibios-sensibilizo-sobre-especies-amenazadas-en-acus-de-chinambi\/\",\"name\":\"Festival de anfibios sensibiliz\u00f3 sobre especies amenazadas en ACUS de Chinamb\u00ed - Fundaci\u00f3n ALTROPICO %\",\"isPartOf\":{\"@id\":\"https:\/\/altropico.org.ec\/#website\"},\"primaryImageOfPage\":{\"@id\":\"https:\/\/altropico.org.ec\/index.php\/2024\/06\/14\/festival-de-anfibios-sensibilizo-sobre-especies-amenazadas-en-acus-de-chinambi\/#primaryimage\"},\"image\":{\"@id\":\"https:\/\/altropico.org.ec\/index.php\/2024\/06\/14\/festival-de-anfibios-sensibilizo-sobre-especies-amenazadas-en-acus-de-chinambi\/#primaryimage\"},\"thumbnailUrl\":\"https:\/\/altropico.org.ec\/wp-content\/uploads\/2024\/06\/NOTA-WEB-FESTIVAL-ANFIBIOS.png\",\"datePublished\":\"2024-06-14T23:19:00+00:00\",\"dateModified\":\"2024-07-29T17:24:31+00:00\",\"description\":\"El festival de anfibios por la Semana Ambiental del GADP de Carchi permiti\u00f3 sensibilizar y conocer sobre especies amenazadas\",\"breadcrumb\":{\"@id\":\"https:\/\/altropico.org.ec\/index.php\/2024\/06\/14\/festival-de-anfibios-sensibilizo-sobre-especies-amenazadas-en-acus-de-chinambi\/#breadcrumb\"},\"inLanguage\":\"es\",\"potentialAction\":[{\"@type\":\"ReadAction\",\"target\":[\"https:\/\/altropico.org.ec\/index.php\/2024\/06\/14\/festival-de-anfibios-sensibilizo-sobre-especies-amenazadas-en-acus-de-chinambi\/\"]}]},{\"@type\":\"ImageObject\",\"inLanguage\":\"es\",\"@id\":\"https:\/\/altropico.org.ec\/index.php\/2024\/06\/14\/festival-de-anfibios-sensibilizo-sobre-especies-amenazadas-en-acus-de-chinambi\/#primaryimage\",\"url\":\"https:\/\/altropico.org.ec\/wp-content\/uploads\/2024\/06\/NOTA-WEB-FESTIVAL-ANFIBIOS.png\",\"contentUrl\":\"https:\/\/altropico.org.ec\/wp-content\/uploads\/2024\/06\/NOTA-WEB-FESTIVAL-ANFIBIOS.png\",\"width\":1200,\"height\":700},{\"@type\":\"BreadcrumbList\",\"@id\":\"https:\/\/altropico.org.ec\/index.php\/2024\/06\/14\/festival-de-anfibios-sensibilizo-sobre-especies-amenazadas-en-acus-de-chinambi\/#breadcrumb\",\"itemListElement\":[{\"@type\":\"ListItem\",\"position\":1,\"name\":\"Portada\",\"item\":\"https:\/\/altropico.org.ec\/\"},{\"@type\":\"ListItem\",\"position\":2,\"name\":\"Festival de anfibios sensibiliz\u00f3 sobre especies amenazadas en ACUS de Chinamb\u00ed\"}]},{\"@type\":\"WebSite\",\"@id\":\"https:\/\/altropico.org.ec\/#website\",\"url\":\"https:\/\/altropico.org.ec\/\",\"name\":\"Fundaci\u00f3n ALTROPICO\",\"description\":\"\",\"publisher\":{\"@id\":\"https:\/\/altropico.org.ec\/#organization\"},\"potentialAction\":[{\"@type\":\"SearchAction\",\"target\":{\"@type\":\"EntryPoint\",\"urlTemplate\":\"https:\/\/altropico.org.ec\/?s={search_term_string}\"},\"query-input\":\"required name=search_term_string\"}],\"inLanguage\":\"es\"},{\"@type\":\"Organization\",\"@id\":\"https:\/\/altropico.org.ec\/#organization\",\"name\":\"Fundaci\u00f3n ALTROPICO\",\"url\":\"https:\/\/altropico.org.ec\/\",\"logo\":{\"@type\":\"ImageObject\",\"inLanguage\":\"es\",\"@id\":\"https:\/\/altropico.org.ec\/#\/schema\/logo\/image\/\",\"url\":\"https:\/\/altropico.org.ec\/wp-content\/uploads\/2024\/03\/cropped-logo-altropico-horizontal.png\",\"contentUrl\":\"https:\/\/altropico.org.ec\/wp-content\/uploads\/2024\/03\/cropped-logo-altropico-horizontal.png\",\"width\":1058,\"height\":417,\"caption\":\"Fundaci\u00f3n ALTROPICO\"},\"image\":{\"@id\":\"https:\/\/altropico.org.ec\/#\/schema\/logo\/image\/\"},\"sameAs\":[\"https:\/\/www.facebook.com\/Altropico.ec\",\"https:\/\/x.com\/altropico\",\"https:\/\/www.instagram.com\/altropico_ec\",\"https:\/\/www.youtube.com\/@fundacionaltropico4239\"]},{\"@type\":\"Person\",\"@id\":\"https:\/\/altropico.org.ec\/#\/schema\/person\/c39ffc0240c0a7e9d2c2cea5c037755c\",\"name\":\"altropico\",\"image\":{\"@type\":\"ImageObject\",\"inLanguage\":\"es\",\"@id\":\"https:\/\/altropico.org.ec\/#\/schema\/person\/image\/\",\"url\":\"https:\/\/secure.gravatar.com\/avatar\/9e94f4125bc3209ea2dd51ae3b53f69e?s=96&d=mm&r=g\",\"contentUrl\":\"https:\/\/secure.gravatar.com\/avatar\/9e94f4125bc3209ea2dd51ae3b53f69e?s=96&d=mm&r=g\",\"caption\":\"altropico\"},\"url\":\"https:\/\/altropico.org.ec\/index.php\/author\/altropico\/\"}]}<\/script>\n<!-- \/ Yoast SEO plugin. -->","yoast_head_json":{"title":"Festival de anfibios sensibiliz\u00f3 sobre especies amenazadas en ACUS de Chinamb\u00ed - Fundaci\u00f3n ALTROPICO %","description":"El festival de anfibios por la Semana Ambiental del GADP de Carchi permiti\u00f3 sensibilizar y conocer sobre especies amenazadas","robots":{"index":"index","follow":"follow","max-snippet":"max-snippet:-1","max-image-preview":"max-image-preview:large","max-video-preview":"max-video-preview:-1"},"canonical":"https:\/\/altropico.org.ec\/index.php\/2024\/06\/14\/festival-de-anfibios-sensibilizo-sobre-especies-amenazadas-en-acus-de-chinambi\/","og_locale":"es_ES","og_type":"article","og_title":"Festival de anfibios sensibiliz\u00f3 sobre especies amenazadas en ACUS de Chinamb\u00ed - Fundaci\u00f3n ALTROPICO %","og_description":"El festival de anfibios por la Semana Ambiental del GADP de Carchi permiti\u00f3 sensibilizar y conocer sobre especies amenazadas","og_url":"https:\/\/altropico.org.ec\/index.php\/2024\/06\/14\/festival-de-anfibios-sensibilizo-sobre-especies-amenazadas-en-acus-de-chinambi\/","og_site_name":"Fundaci\u00f3n ALTROPICO","article_publisher":"https:\/\/www.facebook.com\/Altropico.ec","article_published_time":"2024-06-14T23:19:00+00:00","article_modified_time":"2024-07-29T17:24:31+00:00","og_image":[{"width":1200,"height":700,"url":"https:\/\/altropico.org.ec\/wp-content\/uploads\/2024\/06\/NOTA-WEB-FESTIVAL-ANFIBIOS.png","type":"image\/png"}],"author":"altropico","twitter_card":"summary_large_image","twitter_creator":"@altropico","twitter_site":"@altropico","twitter_misc":{"Escrito por":"altropico","Tiempo de lectura":"4 minutos"},"schema":{"@context":"https:\/\/schema.org","@graph":[{"@type":"Article","@id":"https:\/\/altropico.org.ec\/index.php\/2024\/06\/14\/festival-de-anfibios-sensibilizo-sobre-especies-amenazadas-en-acus-de-chinambi\/#article","isPartOf":{"@id":"https:\/\/altropico.org.ec\/index.php\/2024\/06\/14\/festival-de-anfibios-sensibilizo-sobre-especies-amenazadas-en-acus-de-chinambi\/"},"author":{"name":"altropico","@id":"https:\/\/altropico.org.ec\/#\/schema\/person\/c39ffc0240c0a7e9d2c2cea5c037755c"},"headline":"Festival de anfibios sensibiliz\u00f3 sobre especies amenazadas en ACUS de Chinamb\u00ed","datePublished":"2024-06-14T23:19:00+00:00","dateModified":"2024-07-29T17:24:31+00:00","mainEntityOfPage":{"@id":"https:\/\/altropico.org.ec\/index.php\/2024\/06\/14\/festival-de-anfibios-sensibilizo-sobre-especies-amenazadas-en-acus-de-chinambi\/"},"wordCount":615,"publisher":{"@id":"https:\/\/altropico.org.ec\/#organization"},"image":{"@id":"https:\/\/altropico.org.ec\/index.php\/2024\/06\/14\/festival-de-anfibios-sensibilizo-sobre-especies-amenazadas-en-acus-de-chinambi\/#primaryimage"},"thumbnailUrl":"https:\/\/altropico.org.ec\/wp-content\/uploads\/2024\/06\/NOTA-WEB-FESTIVAL-ANFIBIOS.png","articleSection":["Noticias"],"inLanguage":"es"},{"@type":"WebPage","@id":"https:\/\/altropico.org.ec\/index.php\/2024\/06\/14\/festival-de-anfibios-sensibilizo-sobre-especies-amenazadas-en-acus-de-chinambi\/","url":"https:\/\/altropico.org.ec\/index.php\/2024\/06\/14\/festival-de-anfibios-sensibilizo-sobre-especies-amenazadas-en-acus-de-chinambi\/","name":"Festival de anfibios sensibiliz\u00f3 sobre especies amenazadas en ACUS de Chinamb\u00ed - Fundaci\u00f3n ALTROPICO %","isPartOf":{"@id":"https:\/\/altropico.org.ec\/#website"},"primaryImageOfPage":{"@id":"https:\/\/altropico.org.ec\/index.php\/2024\/06\/14\/festival-de-anfibios-sensibilizo-sobre-especies-amenazadas-en-acus-de-chinambi\/#primaryimage"},"image":{"@id":"https:\/\/altropico.org.ec\/index.php\/2024\/06\/14\/festival-de-anfibios-sensibilizo-sobre-especies-amenazadas-en-acus-de-chinambi\/#primaryimage"},"thumbnailUrl":"https:\/\/altropico.org.ec\/wp-content\/uploads\/2024\/06\/NOTA-WEB-FESTIVAL-ANFIBIOS.png","datePublished":"2024-06-14T23:19:00+00:00","dateModified":"2024-07-29T17:24:31+00:00","description":"El festival de anfibios por la Semana Ambiental del GADP de Carchi permiti\u00f3 sensibilizar y conocer sobre especies amenazadas","breadcrumb":{"@id":"https:\/\/altropico.org.ec\/index.php\/2024\/06\/14\/festival-de-anfibios-sensibilizo-sobre-especies-amenazadas-en-acus-de-chinambi\/#breadcrumb"},"inLanguage":"es","potentialAction":[{"@type":"ReadAction","target":["https:\/\/altropico.org.ec\/index.php\/2024\/06\/14\/festival-de-anfibios-sensibilizo-sobre-especies-amenazadas-en-acus-de-chinambi\/"]}]},{"@type":"ImageObject","inLanguage":"es","@id":"https:\/\/altropico.org.ec\/index.php\/2024\/06\/14\/festival-de-anfibios-sensibilizo-sobre-especies-amenazadas-en-acus-de-chinambi\/#primaryimage","url":"https:\/\/altropico.org.ec\/wp-content\/uploads\/2024\/06\/NOTA-WEB-FESTIVAL-ANFIBIOS.png","contentUrl":"https:\/\/altropico.org.ec\/wp-content\/uploads\/2024\/06\/NOTA-WEB-FESTIVAL-ANFIBIOS.png","width":1200,"height":700},{"@type":"BreadcrumbList","@id":"https:\/\/altropico.org.ec\/index.php\/2024\/06\/14\/festival-de-anfibios-sensibilizo-sobre-especies-amenazadas-en-acus-de-chinambi\/#breadcrumb","itemListElement":[{"@type":"ListItem","position":1,"name":"Portada","item":"https:\/\/altropico.org.ec\/"},{"@type":"ListItem","position":2,"name":"Festival de anfibios sensibiliz\u00f3 sobre especies amenazadas en ACUS de Chinamb\u00ed"}]},{"@type":"WebSite","@id":"https:\/\/altropico.org.ec\/#website","url":"https:\/\/altropico.org.ec\/","name":"Fundaci\u00f3n ALTROPICO","description":"","publisher":{"@id":"https:\/\/altropico.org.ec\/#organization"},"potentialAction":[{"@type":"SearchAction","target":{"@type":"EntryPoint","urlTemplate":"https:\/\/altropico.org.ec\/?s={search_term_string}"},"query-input":"required name=search_term_string"}],"inLanguage":"es"},{"@type":"Organization","@id":"https:\/\/altropico.org.ec\/#organization","name":"Fundaci\u00f3n ALTROPICO","url":"https:\/\/altropico.org.ec\/","logo":{"@type":"ImageObject","inLanguage":"es","@id":"https:\/\/altropico.org.ec\/#\/schema\/logo\/image\/","url":"https:\/\/altropico.org.ec\/wp-content\/uploads\/2024\/03\/cropped-logo-altropico-horizontal.png","contentUrl":"https:\/\/altropico.org.ec\/wp-content\/uploads\/2024\/03\/cropped-logo-altropico-horizontal.png","width":1058,"height":417,"caption":"Fundaci\u00f3n ALTROPICO"},"image":{"@id":"https:\/\/altropico.org.ec\/#\/schema\/logo\/image\/"},"sameAs":["https:\/\/www.facebook.com\/Altropico.ec","https:\/\/x.com\/altropico","https:\/\/www.instagram.com\/altropico_ec","https:\/\/www.youtube.com\/@fundacionaltropico4239"]},{"@type":"Person","@id":"https:\/\/altropico.org.ec\/#\/schema\/person\/c39ffc0240c0a7e9d2c2cea5c037755c","name":"altropico","image":{"@type":"ImageObject","inLanguage":"es","@id":"https:\/\/altropico.org.ec\/#\/schema\/person\/image\/","url":"https:\/\/secure.gravatar.com\/avatar\/9e94f4125bc3209ea2dd51ae3b53f69e?s=96&d=mm&r=g","contentUrl":"https:\/\/secure.gravatar.com\/avatar\/9e94f4125bc3209ea2dd51ae3b53f69e?s=96&d=mm&r=g","caption":"altropico"},"url":"https:\/\/altropico.org.ec\/index.php\/author\/altropico\/"}]}},"_links":{"self":[{"href":"https:\/\/altropico.org.ec\/index.php\/wp-json\/wp\/v2\/posts\/327"}],"collection":[{"href":"https:\/\/altropico.org.ec\/index.php\/wp-json\/wp\/v2\/posts"}],"about":[{"href":"https:\/\/altropico.org.ec\/index.php\/wp-json\/wp\/v2\/types\/post"}],"author":[{"embeddable":true,"href":"https:\/\/altropico.org.ec\/index.php\/wp-json\/wp\/v2\/users\/2"}],"replies":[{"embeddable":true,"href":"https:\/\/altropico.org.ec\/index.php\/wp-json\/wp\/v2\/comments?post=327"}],"version-history":[{"count":0,"href":"https:\/\/altropico.org.ec\/index.php\/wp-json\/wp\/v2\/posts\/327\/revisions"}],"wp:featuredmedia":[{"embeddable":true,"href":"https:\/\/altropico.org.ec\/index.php\/wp-json\/wp\/v2\/media\/328"}],"wp:attachment":[{"href":"https:\/\/altropico.org.ec\/index.php\/wp-json\/wp\/v2\/media?parent=327"}],"wp:term":[{"taxonomy":"category","embeddable":true,"href":"https:\/\/altropico.org.ec\/index.php\/wp-json\/wp\/v2\/categories?post=327"},{"taxonomy":"post_tag","embeddable":true,"href":"https:\/\/altropico.org.ec\/index.php\/wp-json\/wp\/v2\/tags?post=327"}],"curies":[{"name":"wp","href":"https:\/\/api.w.org\/{rel}","templated":true}]}}